{"id":5728,"date":"2026-02-07T19:51:55","date_gmt":"2026-02-07T18:51:55","guid":{"rendered":"http:\/\/www.pastisseriespomar.es\/?p=5728"},"modified":"2026-02-07T19:51:55","modified_gmt":"2026-02-07T18:51:55","slug":"un-placer-dulce-para-el-invierno-tradicion-en-cada-bocado","status":"publish","type":"post","link":"http:\/\/www.pastisseriespomar.es\/ca\/un-placer-dulce-para-el-invierno-tradicion-en-cada-bocado\/","title":{"rendered":"Un placer dulce para el invierno: Tradici\u00f3n en cada bocado"},"content":{"rendered":"<p><img loading=\"lazy\" class=\"size-full wp-image-4959 alignleft\" src=\"http:\/\/www.pastisseriespomar.es\/wp-content\/uploads\/2021\/07\/oie_28173325eYTeTyjP.jpg\" alt=\"\" width=\"512\" height=\"512\" srcset=\"http:\/\/www.pastisseriespomar.es\/wp-content\/uploads\/2021\/07\/oie_28173325eYTeTyjP.jpg 512w, http:\/\/www.pastisseriespomar.es\/wp-content\/uploads\/2021\/07\/oie_28173325eYTeTyjP-150x150.jpg 150w, http:\/\/www.pastisseriespomar.es\/wp-content\/uploads\/2021\/07\/oie_28173325eYTeTyjP-300x300.jpg 300w, http:\/\/www.pastisseriespomar.es\/wp-content\/uploads\/2021\/07\/oie_28173325eYTeTyjP-12x12.jpg 12w\" sizes=\"(max-width: 512px) 100vw, 512px\" \/>Febrero es un mes para buscar el calor del hogar y los sabores que reconfortan. En Pastisseries Pomar, creemos que no hay mejor refugio que el aroma de la boller\u00eda reci\u00e9n hecha y el sabor de las recetas de siempre.<\/p>\n<p>Cada una de nuestras elaboraciones, desde el cl\u00e1sico cuarto mallorqu\u00edn hasta nuestras tartas m\u00e1s innovadoras, sigue los procesos artesanales que Francesc Pomar inici\u00f3 en 1902. En un mundo que va deprisa, nosotros elegimos la calma del obrador, el respeto por los tiempos de fermentaci\u00f3n y el uso de productos locales de m\u00e1xima calidad.<\/p>\n<p>Ya sea para una merienda especial o para celebrar un aniversario en este mes de febrero, elegir Pomar es elegir una tradici\u00f3n que se mantiene viva gracias a ti.<\/p>\n<p>Haz tu pedido: Te esperamos en Palma y Campos. Si prefieres que te lo llevemos a casa, haz tu pedido en pomaronline.com y disfruta del sabor de Mallorca a un solo clic.<\/p>\n<p>&nbsp;<\/p>","protected":false},"excerpt":{"rendered":"<p>Febrero es un mes para buscar el calor del hogar y los sabores que reconfortan. En Pastisseries Pomar, creemos que no hay mejor refugio que el aroma de la boller\u00eda reci\u00e9n hecha y el sabor de las recetas de siempre. Cada una de nuestras elaboraciones, desde el cl\u00e1sico cuarto mallorqu\u00edn hasta nuestras tartas m\u00e1s innovadoras, [&hellip;]<\/p>","protected":false},"author":1,"featured_media":4959,"comment_status":"closed","ping_status":"closed","sticky":false,"template":"","format":"standard","meta":[],"categories":[4],"tags":[],"_links":{"self":[{"href":"http:\/\/www.pastisseriespomar.es\/ca\/wp-json\/wp\/v2\/posts\/5728"}],"collection":[{"href":"http:\/\/www.pastisseriespomar.es\/ca\/wp-json\/wp\/v2\/posts"}],"about":[{"href":"http:\/\/www.pastisseriespomar.es\/ca\/wp-json\/wp\/v2\/types\/post"}],"author":[{"embeddable":true,"href":"http:\/\/www.pastisseriespomar.es\/ca\/wp-json\/wp\/v2\/users\/1"}],"replies":[{"embeddable":true,"href":"http:\/\/www.pastisseriespomar.es\/ca\/wp-json\/wp\/v2\/comments?post=5728"}],"version-history":[{"count":1,"href":"http:\/\/www.pastisseriespomar.es\/ca\/wp-json\/wp\/v2\/posts\/5728\/revisions"}],"predecessor-version":[{"id":5729,"href":"http:\/\/www.pastisseriespomar.es\/ca\/wp-json\/wp\/v2\/posts\/5728\/revisions\/5729"}],"wp:featuredmedia":[{"embeddable":true,"href":"http:\/\/www.pastisseriespomar.es\/ca\/wp-json\/wp\/v2\/media\/4959"}],"wp:attachment":[{"href":"http:\/\/www.pastisseriespomar.es\/ca\/wp-json\/wp\/v2\/media?parent=5728"}],"wp:term":[{"taxonomy":"category","embeddable":true,"href":"http:\/\/www.pastisseriespomar.es\/ca\/wp-json\/wp\/v2\/categories?post=5728"},{"taxonomy":"post_tag","embeddable":true,"href":"http:\/\/www.pastisseriespomar.es\/ca\/wp-json\/wp\/v2\/tags?post=5728"}],"curies":[{"name":"wp","href":"https:\/\/api.w.org\/{rel}","templated":true}]}}