{"id":5573,"date":"2024-11-17T00:13:03","date_gmt":"2024-11-16T23:13:03","guid":{"rendered":"http:\/\/www.pastisseriespomar.es\/?p=5573"},"modified":"2024-11-17T00:13:03","modified_gmt":"2024-11-16T23:13:03","slug":"lotes-navidenos-de-pastelerias-pomar-regala-sabor-y-tradicion-artesanal","status":"publish","type":"post","link":"http:\/\/www.pastisseriespomar.es\/ca\/lotes-navidenos-de-pastelerias-pomar-regala-sabor-y-tradicion-artesanal\/","title":{"rendered":"Lots nadalencs de les Pastisseries Pomar: regalau gust i tradici\u00f3 artesanal."},"content":{"rendered":"<p><img loading=\"lazy\" class=\"size-full wp-image-4385 alignright\" src=\"http:\/\/www.pastisseriespomar.es\/wp-content\/uploads\/2019\/12\/oie_281110JCjCHPEK.jpg\" alt=\"\" width=\"512\" height=\"512\" srcset=\"http:\/\/www.pastisseriespomar.es\/wp-content\/uploads\/2019\/12\/oie_281110JCjCHPEK.jpg 512w, http:\/\/www.pastisseriespomar.es\/wp-content\/uploads\/2019\/12\/oie_281110JCjCHPEK-150x150.jpg 150w, http:\/\/www.pastisseriespomar.es\/wp-content\/uploads\/2019\/12\/oie_281110JCjCHPEK-300x300.jpg 300w\" sizes=\"(max-width: 512px) 100vw, 512px\" \/>A poc a poc s\u2019acosta Nadal, i a les Pastisseries Pomar ho celebram amb productes \u00fanics i elaborats amb la m\u00e0xima dedicaci\u00f3. Els nostres lots nadalencs s\u00f3n molt m\u00e9s que una simple selecci\u00f3 de dol\u00e7os: s\u00f3n un regal d\u2019alta qualitat, ple de tradici\u00f3 i el gust aut\u00e8ntic de Mallorca. Dissenyats per sorprendre qui els rep, els lots de Nadal de Pomar ofereixen una varietat de productes artesanals, ideals per gaudir i compartir en aquestes dates especials, i s\u00f3n un detall d\u2019empresa magn\u00edfic.<\/p>\n<p>Qualitat i artesania a cada producte<\/p>\n<p>A les Pastisseries Pomar, tots els nostres productes nadalencs els seleccionam amb molt d\u2019esment i amor, i pensant sempre en els nostres clients. Aix\u00f2 garanteix que cada lot ens continu\u00ef distingint tal com ens hem distingit des de 1902. Amb un equip de pastissers que t\u00e9 cura de cada detall, els lots nadalencs ofereixen una experi\u00e8ncia \u00fanica que reflecteix el comprom\u00eds amb l\u2019excel\u00b7l\u00e8ncia artesanal a cada mos.<\/p>\n<p>Lots nadalencs per empreses i fam\u00edlies<\/p>\n<p>Els lots nadalencs de les Pastisseries Pomar s\u00f3n el detall perfecte per regalar tant a fam\u00edlia i amics com a empleats i clients. Personalitzables i adaptables a diferents gusts i pressuposts, aquests lots es converteixen en un regal especial que mostra afecte i bon gust. Tant per una celebraci\u00f3 \u00edntima o com per un esdeveniment corporatiu, un lot de Nadal Pomar \u00e9s una forma de compartir l\u2019ess\u00e8ncia de Nadal i el gust aut\u00e8ntic de la tradici\u00f3 mallorquina.<\/p>\n<p>Podeu trobar els nostres lots nadalencs a qualsevol de les nostres botigues a Palma o Campos, o adquirir-los a trav\u00e9s del nostre web pomaronline.com, on trobareu tota la informaci\u00f3 sobre les opcions disponibles per poder triar el lot perfecte per aquestes festes.<\/p>\n<p>&nbsp;<\/p>","protected":false},"excerpt":{"rendered":"<p>Poco a poco se acerca la Navidad, y en Pasteler\u00edas Pomar se celebra con productos \u00fanicos y elaborados con la m\u00e1xima dedicaci\u00f3n. Nuestros lotes navide\u00f1os son mucho m\u00e1s que una simple selecci\u00f3n de dulces: son un regalo de alta calidad, lleno de tradici\u00f3n y el sabor aut\u00e9ntico de Mallorca. Dise\u00f1ados para sorprender a quienes los [&hellip;]<\/p>","protected":false},"author":1,"featured_media":4385,"comment_status":"closed","ping_status":"closed","sticky":false,"template":"","format":"standard","meta":[],"categories":[4],"tags":[],"_links":{"self":[{"href":"http:\/\/www.pastisseriespomar.es\/ca\/wp-json\/wp\/v2\/posts\/5573"}],"collection":[{"href":"http:\/\/www.pastisseriespomar.es\/ca\/wp-json\/wp\/v2\/posts"}],"about":[{"href":"http:\/\/www.pastisseriespomar.es\/ca\/wp-json\/wp\/v2\/types\/post"}],"author":[{"embeddable":true,"href":"http:\/\/www.pastisseriespomar.es\/ca\/wp-json\/wp\/v2\/users\/1"}],"replies":[{"embeddable":true,"href":"http:\/\/www.pastisseriespomar.es\/ca\/wp-json\/wp\/v2\/comments?post=5573"}],"version-history":[{"count":1,"href":"http:\/\/www.pastisseriespomar.es\/ca\/wp-json\/wp\/v2\/posts\/5573\/revisions"}],"predecessor-version":[{"id":5574,"href":"http:\/\/www.pastisseriespomar.es\/ca\/wp-json\/wp\/v2\/posts\/5573\/revisions\/5574"}],"wp:featuredmedia":[{"embeddable":true,"href":"http:\/\/www.pastisseriespomar.es\/ca\/wp-json\/wp\/v2\/media\/4385"}],"wp:attachment":[{"href":"http:\/\/www.pastisseriespomar.es\/ca\/wp-json\/wp\/v2\/media?parent=5573"}],"wp:term":[{"taxonomy":"category","embeddable":true,"href":"http:\/\/www.pastisseriespomar.es\/ca\/wp-json\/wp\/v2\/categories?post=5573"},{"taxonomy":"post_tag","embeddable":true,"href":"http:\/\/www.pastisseriespomar.es\/ca\/wp-json\/wp\/v2\/tags?post=5573"}],"curies":[{"name":"wp","href":"https:\/\/api.w.org\/{rel}","templated":true}]}}