{"id":5560,"date":"2024-10-12T12:11:57","date_gmt":"2024-10-12T10:11:57","guid":{"rendered":"http:\/\/www.pastisseriespomar.es\/?p=5560"},"modified":"2024-10-12T12:11:57","modified_gmt":"2024-10-12T10:11:57","slug":"pastisseries-pomar-reconocida-como-la-mejor-pasteleria-de-mallorca-en-los-premis-gastronomics-2024","status":"publish","type":"post","link":"http:\/\/www.pastisseriespomar.es\/ca\/pastisseries-pomar-reconocida-como-la-mejor-pasteleria-de-mallorca-en-los-premis-gastronomics-2024\/","title":{"rendered":"Les Pastisseries Pomar, reconegudes com la millor pastisseria de Mallorca als Premis Gastron\u00f2mics 2024"},"content":{"rendered":"<p><img loading=\"lazy\" class=\"size-full wp-image-4522 alignleft\" src=\"http:\/\/www.pastisseriespomar.es\/wp-content\/uploads\/2020\/03\/oie_25113232QQH1BMQQ.png\" alt=\"\" width=\"512\" height=\"512\" srcset=\"http:\/\/www.pastisseriespomar.es\/wp-content\/uploads\/2020\/03\/oie_25113232QQH1BMQQ.png 512w, http:\/\/www.pastisseriespomar.es\/wp-content\/uploads\/2020\/03\/oie_25113232QQH1BMQQ-150x150.png 150w, http:\/\/www.pastisseriespomar.es\/wp-content\/uploads\/2020\/03\/oie_25113232QQH1BMQQ-300x300.png 300w\" sizes=\"(max-width: 512px) 100vw, 512px\" \/>A les Pastisseries Pomar estam immensament orgullosos i emocionats de compartir amb els nostres clients i amics una not\u00edcia que ens satisf\u00e0 enormement: se\u2019ns ha guardonat com a Millor Pastisseria de Mallorca als Premis Gastron\u00f2mics Mallorca 2024! Tal reconeixement representa molt m\u00e9s que un premi: \u00e9s un reflex de l\u2019esfor\u00e7, dedicaci\u00f3 i passi\u00f3 que posam cada dia a les nostres elaboracions.<\/p>\n<p>Que se\u2019ns distingesqui en aquests prestigiosos premis, que premien l\u2019excel\u00b7l\u00e8ncia en la gastronomia de les Illes, \u00e9s un honor que volem compartir amb tots els que han estat part del nostre viatge. Cada elaboraci\u00f3, cada detall a les nostres creacions \u00e9s el resultat de generacions dedicades a preservar la tradici\u00f3 rebostera mallorquina, alhora que innovam per oferir el millor als nostres clients.<\/p>\n<p>Aquest reconeixement no seria possible sense la confian\u00e7a dels nostres clients, que ens heu acompanyat tants d\u2019anys, ni sense l\u2019equip de professionals que, amb dedicaci\u00f3 i amor per la feina, s\u2019esforcen cada dia per fer arribar a la vostra taula els gusts de sempre.<\/p>\n<p>Volem expressar el nostre m\u00e9s sincer agra\u00efment al jurat dels Premis Gastron\u00f2mics Mallorca 2024 i a tots els que heu confiat en nosaltres. Aquest premi \u00e9s un incentiu per seguir millorant, innovant i, sobretot, mantenint l\u2019ess\u00e8ncia d\u2019all\u00f2 que som: una pastisseria familiar amb m\u00e9s d\u2019un segle de tradici\u00f3, que aposta per la qualitat i el gust aut\u00e8ntic.<\/p>\n<p>Gr\u00e0cies per acompanyar-nos en aquest dol\u00e7 recorregut i per fer de les Pastisseries Pomar la millor pastisseria de Mallorca!<\/p>","protected":false},"excerpt":{"rendered":"<p>En Pastisseries Pomar estamos inmensamente orgullosos y emocionados de compartir con todos nuestros clientes y amigos una noticia que nos llena de satisfacci\u00f3n: \u00a1hemos sido galardonados como la Mejor Pasteler\u00eda de Mallorca en los Premis Gastron\u00f2mics Mallorca 2024! Este reconocimiento representa mucho m\u00e1s que un premio; es un reflejo del esfuerzo, dedicaci\u00f3n y pasi\u00f3n que [&hellip;]<\/p>","protected":false},"author":1,"featured_media":4522,"comment_status":"closed","ping_status":"closed","sticky":false,"template":"","format":"standard","meta":[],"categories":[4],"tags":[],"_links":{"self":[{"href":"http:\/\/www.pastisseriespomar.es\/ca\/wp-json\/wp\/v2\/posts\/5560"}],"collection":[{"href":"http:\/\/www.pastisseriespomar.es\/ca\/wp-json\/wp\/v2\/posts"}],"about":[{"href":"http:\/\/www.pastisseriespomar.es\/ca\/wp-json\/wp\/v2\/types\/post"}],"author":[{"embeddable":true,"href":"http:\/\/www.pastisseriespomar.es\/ca\/wp-json\/wp\/v2\/users\/1"}],"replies":[{"embeddable":true,"href":"http:\/\/www.pastisseriespomar.es\/ca\/wp-json\/wp\/v2\/comments?post=5560"}],"version-history":[{"count":1,"href":"http:\/\/www.pastisseriespomar.es\/ca\/wp-json\/wp\/v2\/posts\/5560\/revisions"}],"predecessor-version":[{"id":5561,"href":"http:\/\/www.pastisseriespomar.es\/ca\/wp-json\/wp\/v2\/posts\/5560\/revisions\/5561"}],"wp:featuredmedia":[{"embeddable":true,"href":"http:\/\/www.pastisseriespomar.es\/ca\/wp-json\/wp\/v2\/media\/4522"}],"wp:attachment":[{"href":"http:\/\/www.pastisseriespomar.es\/ca\/wp-json\/wp\/v2\/media?parent=5560"}],"wp:term":[{"taxonomy":"category","embeddable":true,"href":"http:\/\/www.pastisseriespomar.es\/ca\/wp-json\/wp\/v2\/categories?post=5560"},{"taxonomy":"post_tag","embeddable":true,"href":"http:\/\/www.pastisseriespomar.es\/ca\/wp-json\/wp\/v2\/tags?post=5560"}],"curies":[{"name":"wp","href":"https:\/\/api.w.org\/{rel}","templated":true}]}}