{"id":5487,"date":"2024-05-26T11:22:39","date_gmt":"2024-05-26T09:22:39","guid":{"rendered":"http:\/\/www.pastisseriespomar.es\/?p=5487"},"modified":"2024-05-26T11:22:39","modified_gmt":"2024-05-26T09:22:39","slug":"nuestra-cor-de-vellut","status":"publish","type":"post","link":"http:\/\/www.pastisseriespomar.es\/ca\/nuestra-cor-de-vellut\/","title":{"rendered":"Nuestra Cor de Vellut"},"content":{"rendered":"<p><img loading=\"lazy\" class=\"size-full wp-image-4508 alignleft\" src=\"http:\/\/www.pastisseriespomar.es\/wp-content\/uploads\/2020\/03\/oie_13957446TILVy0t.jpg\" alt=\"\" width=\"512\" height=\"512\" srcset=\"http:\/\/www.pastisseriespomar.es\/wp-content\/uploads\/2020\/03\/oie_13957446TILVy0t.jpg 512w, http:\/\/www.pastisseriespomar.es\/wp-content\/uploads\/2020\/03\/oie_13957446TILVy0t-150x150.jpg 150w, http:\/\/www.pastisseriespomar.es\/wp-content\/uploads\/2020\/03\/oie_13957446TILVy0t-300x300.jpg 300w\" sizes=\"(max-width: 512px) 100vw, 512px\" \/>Queremos presentaros una de las joyas de nuestra pasteler\u00eda: el delicioso \u00abcor de vellut\u00bb. Se trata de un postre que combina una base crujiente con un coraz\u00f3n de pralin\u00e9 y una cobertura de exquisito chocolate de alt\u00edsima calidad.<\/p>\n<p>Este pastel es perfecto para aquellos amantes de los dulces que buscan sabores refinados sin caer en lo empalagoso. Si disfrutas de los bombones, esta tarta te transportar\u00e1 con su sabor inconfundible.<\/p>\n<p>Queremos destacar que esta tarta nos la ense\u00f1\u00f3 a hacer Joan Segura, de la pasteler\u00eda Can Segura de Muro, que en el momento de su retirada pens\u00f3 en nosotros para continuar con esta tarta. \u201cNo puedo dejar que esta tarta deje de hacerse en Mallorca\u201d. Para nosotros es un honor poder hacerlo.<\/p>\n<p>Ya sea para una reuni\u00f3n familiar o una visita a casa de amigos, esta tarta siempre ser\u00e1 un acierto y te aseguramos que dejar\u00e1 una impresi\u00f3n inolvidable. \u00a1No dudes en adquirirla en nuestras pasteler\u00edas de Palma o Campos, o a trav\u00e9s de nuestra p\u00e1gina web pomaronline.com!<\/p>","protected":false},"excerpt":{"rendered":"<p>Queremos presentaros una de las joyas de nuestra pasteler\u00eda: el delicioso \u00abcor de vellut\u00bb. Se trata de un postre que combina una base crujiente con un coraz\u00f3n de pralin\u00e9 y una cobertura de exquisito chocolate de alt\u00edsima calidad. Este pastel es perfecto para aquellos amantes de los dulces que buscan sabores refinados sin caer en [&hellip;]<\/p>","protected":false},"author":1,"featured_media":4508,"comment_status":"closed","ping_status":"closed","sticky":false,"template":"","format":"standard","meta":[],"categories":[4],"tags":[],"_links":{"self":[{"href":"http:\/\/www.pastisseriespomar.es\/ca\/wp-json\/wp\/v2\/posts\/5487"}],"collection":[{"href":"http:\/\/www.pastisseriespomar.es\/ca\/wp-json\/wp\/v2\/posts"}],"about":[{"href":"http:\/\/www.pastisseriespomar.es\/ca\/wp-json\/wp\/v2\/types\/post"}],"author":[{"embeddable":true,"href":"http:\/\/www.pastisseriespomar.es\/ca\/wp-json\/wp\/v2\/users\/1"}],"replies":[{"embeddable":true,"href":"http:\/\/www.pastisseriespomar.es\/ca\/wp-json\/wp\/v2\/comments?post=5487"}],"version-history":[{"count":1,"href":"http:\/\/www.pastisseriespomar.es\/ca\/wp-json\/wp\/v2\/posts\/5487\/revisions"}],"predecessor-version":[{"id":5488,"href":"http:\/\/www.pastisseriespomar.es\/ca\/wp-json\/wp\/v2\/posts\/5487\/revisions\/5488"}],"wp:featuredmedia":[{"embeddable":true,"href":"http:\/\/www.pastisseriespomar.es\/ca\/wp-json\/wp\/v2\/media\/4508"}],"wp:attachment":[{"href":"http:\/\/www.pastisseriespomar.es\/ca\/wp-json\/wp\/v2\/media?parent=5487"}],"wp:term":[{"taxonomy":"category","embeddable":true,"href":"http:\/\/www.pastisseriespomar.es\/ca\/wp-json\/wp\/v2\/categories?post=5487"},{"taxonomy":"post_tag","embeddable":true,"href":"http:\/\/www.pastisseriespomar.es\/ca\/wp-json\/wp\/v2\/tags?post=5487"}],"curies":[{"name":"wp","href":"https:\/\/api.w.org\/{rel}","templated":true}]}}