{"id":5485,"date":"2024-05-18T22:27:15","date_gmt":"2024-05-18T20:27:15","guid":{"rendered":"http:\/\/www.pastisseriespomar.es\/?p=5485"},"modified":"2024-05-18T22:32:28","modified_gmt":"2024-05-18T20:32:28","slug":"meriendas-especiales","status":"publish","type":"post","link":"http:\/\/www.pastisseriespomar.es\/ca\/meriendas-especiales\/","title":{"rendered":"Meriendas especiales"},"content":{"rendered":"<p><img loading=\"lazy\" class=\"size-full wp-image-4959 alignleft\" src=\"http:\/\/www.pastisseriespomar.es\/wp-content\/uploads\/2021\/07\/oie_28173325eYTeTyjP.jpg\" alt=\"\" width=\"512\" height=\"512\" srcset=\"http:\/\/www.pastisseriespomar.es\/wp-content\/uploads\/2021\/07\/oie_28173325eYTeTyjP.jpg 512w, http:\/\/www.pastisseriespomar.es\/wp-content\/uploads\/2021\/07\/oie_28173325eYTeTyjP-150x150.jpg 150w, http:\/\/www.pastisseriespomar.es\/wp-content\/uploads\/2021\/07\/oie_28173325eYTeTyjP-300x300.jpg 300w, http:\/\/www.pastisseriespomar.es\/wp-content\/uploads\/2021\/07\/oie_28173325eYTeTyjP-12x12.jpg 12w\" sizes=\"(max-width: 512px) 100vw, 512px\" \/>Sois muchos los que aprovech\u00e1is el buen tiempo los fines de semana y hac\u00e9is rutas en bici, pues bien, la pr\u00f3xima vez que pas\u00e9is por Campos ten\u00e9is parada obligada en Pomar s\u2019Olivera para reponer fuerzas y l\u00edquido.<\/p>\n<p>Sus meriendas empiezan a ser famosas por la zona, y es que las diferentes tostadas que ten\u00e9is a vuestra disposici\u00f3n son perfectas para seguir la ruta que os hab\u00e9is marcado.<\/p>\n<p>Adem\u00e1s, Pomar s\u2019Olivera dispone de una amplia terraza en la que poder merendar al aire libre, \u00a1todo son ventajas!<\/p>\n<p>Ojo! si nos vas en bici tambi\u00e9n puedes visitarnos!! Te esperamos en Pomar s\u2019Olivera!<\/p>","protected":false},"excerpt":{"rendered":"<p>Sois muchos los que aprovech\u00e1is el buen tiempo los fines de semana y hac\u00e9is rutas en bici, pues bien, la pr\u00f3xima vez que pas\u00e9is por Campos ten\u00e9is parada obligada en Pomar s\u2019Olivera para reponer fuerzas y l\u00edquido. Sus meriendas empiezan a ser famosas por la zona, y es que las diferentes tostadas que ten\u00e9is a [&hellip;]<\/p>","protected":false},"author":1,"featured_media":4959,"comment_status":"closed","ping_status":"closed","sticky":false,"template":"","format":"standard","meta":[],"categories":[4],"tags":[],"_links":{"self":[{"href":"http:\/\/www.pastisseriespomar.es\/ca\/wp-json\/wp\/v2\/posts\/5485"}],"collection":[{"href":"http:\/\/www.pastisseriespomar.es\/ca\/wp-json\/wp\/v2\/posts"}],"about":[{"href":"http:\/\/www.pastisseriespomar.es\/ca\/wp-json\/wp\/v2\/types\/post"}],"author":[{"embeddable":true,"href":"http:\/\/www.pastisseriespomar.es\/ca\/wp-json\/wp\/v2\/users\/1"}],"replies":[{"embeddable":true,"href":"http:\/\/www.pastisseriespomar.es\/ca\/wp-json\/wp\/v2\/comments?post=5485"}],"version-history":[{"count":1,"href":"http:\/\/www.pastisseriespomar.es\/ca\/wp-json\/wp\/v2\/posts\/5485\/revisions"}],"predecessor-version":[{"id":5486,"href":"http:\/\/www.pastisseriespomar.es\/ca\/wp-json\/wp\/v2\/posts\/5485\/revisions\/5486"}],"wp:featuredmedia":[{"embeddable":true,"href":"http:\/\/www.pastisseriespomar.es\/ca\/wp-json\/wp\/v2\/media\/4959"}],"wp:attachment":[{"href":"http:\/\/www.pastisseriespomar.es\/ca\/wp-json\/wp\/v2\/media?parent=5485"}],"wp:term":[{"taxonomy":"category","embeddable":true,"href":"http:\/\/www.pastisseriespomar.es\/ca\/wp-json\/wp\/v2\/categories?post=5485"},{"taxonomy":"post_tag","embeddable":true,"href":"http:\/\/www.pastisseriespomar.es\/ca\/wp-json\/wp\/v2\/tags?post=5485"}],"curies":[{"name":"wp","href":"https:\/\/api.w.org\/{rel}","templated":true}]}}