{"id":5271,"date":"2023-03-10T19:12:52","date_gmt":"2023-03-10T18:12:52","guid":{"rendered":"http:\/\/www.pastisseriespomar.es\/?p=5271"},"modified":"2023-03-10T19:12:57","modified_gmt":"2023-03-10T18:12:57","slug":"llega-el-dia-del-padre","status":"publish","type":"post","link":"http:\/\/www.pastisseriespomar.es\/ca\/llega-el-dia-del-padre\/","title":{"rendered":"Llega el D\u00eda del Padre"},"content":{"rendered":"<p><img loading=\"lazy\" class=\"size-full wp-image-5178 alignleft\" src=\"http:\/\/www.pastisseriespomar.es\/wp-content\/uploads\/2022\/08\/oie_17163032hmDfYcoY.jpg\" alt=\"\" width=\"512\" height=\"512\" srcset=\"http:\/\/www.pastisseriespomar.es\/wp-content\/uploads\/2022\/08\/oie_17163032hmDfYcoY.jpg 512w, http:\/\/www.pastisseriespomar.es\/wp-content\/uploads\/2022\/08\/oie_17163032hmDfYcoY-150x150.jpg 150w, http:\/\/www.pastisseriespomar.es\/wp-content\/uploads\/2022\/08\/oie_17163032hmDfYcoY-300x300.jpg 300w, http:\/\/www.pastisseriespomar.es\/wp-content\/uploads\/2022\/08\/oie_17163032hmDfYcoY-12x12.jpg 12w\" sizes=\"(max-width: 512px) 100vw, 512px\" \/>Y qu\u00e9 mejor manera de celebrarlo que, por ejemplo, con una deliciosa tarta personalizada de nuestra pasteler\u00eda.<\/p>\n<p>En nuestra pasteler\u00eda, entendemos la importancia de los peque\u00f1os detalles y sabemos que cada padre es \u00fanico. Por eso, ofrecemos una amplia variedad de tartas y postres para que puedas elegir la que mejor se adapte a la personalidad y gustos del \u201cjefe\u201d de la casa.<\/p>\n<p>Si tu padre es un amante de los postres cl\u00e1sicos, nuestra tarta Sacher es una opci\u00f3n perfecta. El sabor a chocolate y ese bizcocho mojado con mermelada es una delicia.<\/p>\n<p>Por otra parte, si tu padre es un amante de la fruta y los sabores frescos, nuestra tarta primavera de frutas frescas es la opci\u00f3n ideal, aunque tambi\u00e9n podemos ofrecerte la tarta tropical, que es una de las preferidas de nuestros clientes. Fruta y crema pastelera son las protagonistas en este caso.<\/p>\n<p>En definitiva, en nuestra pasteler\u00eda encontrar\u00e1s el postre perfecto para celebrar el D\u00eda del Padre. Y si quieres hacerlo a\u00fan m\u00e1s especial, no dudes en personalizar tu tarta con una decoraci\u00f3n \u00fanica. A\u00fan queda tiempo, pero puedes ir haciendo tus encargos en nuestras pasteler\u00edas de Palma y Campos o en pomaronline.com<\/p>","protected":false},"excerpt":{"rendered":"<p>Y qu\u00e9 mejor manera de celebrarlo que, por ejemplo, con una deliciosa tarta personalizada de nuestra pasteler\u00eda. En nuestra pasteler\u00eda, entendemos la importancia de los peque\u00f1os detalles y sabemos que cada padre es \u00fanico. Por eso, ofrecemos una amplia variedad de tartas y postres para que puedas elegir la que mejor se adapte a la [&hellip;]<\/p>","protected":false},"author":1,"featured_media":5178,"comment_status":"closed","ping_status":"closed","sticky":false,"template":"","format":"standard","meta":[],"categories":[4],"tags":[],"_links":{"self":[{"href":"http:\/\/www.pastisseriespomar.es\/ca\/wp-json\/wp\/v2\/posts\/5271"}],"collection":[{"href":"http:\/\/www.pastisseriespomar.es\/ca\/wp-json\/wp\/v2\/posts"}],"about":[{"href":"http:\/\/www.pastisseriespomar.es\/ca\/wp-json\/wp\/v2\/types\/post"}],"author":[{"embeddable":true,"href":"http:\/\/www.pastisseriespomar.es\/ca\/wp-json\/wp\/v2\/users\/1"}],"replies":[{"embeddable":true,"href":"http:\/\/www.pastisseriespomar.es\/ca\/wp-json\/wp\/v2\/comments?post=5271"}],"version-history":[{"count":1,"href":"http:\/\/www.pastisseriespomar.es\/ca\/wp-json\/wp\/v2\/posts\/5271\/revisions"}],"predecessor-version":[{"id":5272,"href":"http:\/\/www.pastisseriespomar.es\/ca\/wp-json\/wp\/v2\/posts\/5271\/revisions\/5272"}],"wp:featuredmedia":[{"embeddable":true,"href":"http:\/\/www.pastisseriespomar.es\/ca\/wp-json\/wp\/v2\/media\/5178"}],"wp:attachment":[{"href":"http:\/\/www.pastisseriespomar.es\/ca\/wp-json\/wp\/v2\/media?parent=5271"}],"wp:term":[{"taxonomy":"category","embeddable":true,"href":"http:\/\/www.pastisseriespomar.es\/ca\/wp-json\/wp\/v2\/categories?post=5271"},{"taxonomy":"post_tag","embeddable":true,"href":"http:\/\/www.pastisseriespomar.es\/ca\/wp-json\/wp\/v2\/tags?post=5271"}],"curies":[{"name":"wp","href":"https:\/\/api.w.org\/{rel}","templated":true}]}}