{"id":5194,"date":"2022-09-08T15:16:57","date_gmt":"2022-09-08T13:16:57","guid":{"rendered":"http:\/\/www.pastisseriespomar.es\/?p=5194"},"modified":"2022-09-08T15:19:51","modified_gmt":"2022-09-08T13:19:51","slug":"la-mejor-terraza-de-campos","status":"publish","type":"post","link":"http:\/\/www.pastisseriespomar.es\/ca\/la-mejor-terraza-de-campos\/","title":{"rendered":"La mejor terraza de Campos"},"content":{"rendered":"<p><img loading=\"lazy\" class=\"size-full wp-image-4647 alignleft\" src=\"http:\/\/www.pastisseriespomar.es\/wp-content\/uploads\/2020\/07\/oie_7YPjg8bHBbt3.png\" alt=\"\" width=\"512\" height=\"512\" srcset=\"http:\/\/www.pastisseriespomar.es\/wp-content\/uploads\/2020\/07\/oie_7YPjg8bHBbt3.png 512w, http:\/\/www.pastisseriespomar.es\/wp-content\/uploads\/2020\/07\/oie_7YPjg8bHBbt3-150x150.png 150w, http:\/\/www.pastisseriespomar.es\/wp-content\/uploads\/2020\/07\/oie_7YPjg8bHBbt3-300x300.png 300w\" sizes=\"(max-width: 512px) 100vw, 512px\" \/>Indudablemente ha sido un verano excepcional en cuanto a temperaturas, ya que como todos sab\u00e9is, han sido muy elevadas y a\u00fan nos acompa\u00f1an por unos d\u00edas, pero pronto bajar\u00e1n y apetecer\u00e1 disfrutar de la mejor y m\u00e1s amplia terraza de Campos.<\/p>\n<p>Se trata de la terraza que tenemos disponible en Pomar s?olivera.<\/p>\n<p>Ideal para degustar una empanada o un cocarroi mientras lees el peri\u00f3dico por la ma\u00f1ana o para comer uno de los fabulosos bocadillos que podr\u00e1s encontrar en nuestro local m\u00e1s reciente.<\/p>\n<p>Y si despu\u00e9s de comer te apetece tomar un caf\u00e9 o un t\u00e9 con pastas o incluso un chocolate artesano con una buena ensaimada o un quarto, tambi\u00e9n puedes hacerlo.<\/p>\n<p>Te esperamos en Pomar s\u2019Olivera!<\/p>","protected":false},"excerpt":{"rendered":"<p>Indudablemente ha sido un verano excepcional en cuanto a temperaturas, ya que como todos sab\u00e9is, han sido muy elevadas y a\u00fan nos acompa\u00f1an por unos d\u00edas, pero pronto bajar\u00e1n y apetecer\u00e1 disfrutar de la mejor y m\u00e1s amplia terraza de Campos. Se trata de la terraza que tenemos disponible en Pomar s?olivera. Ideal para degustar [&hellip;]<\/p>","protected":false},"author":1,"featured_media":4647,"comment_status":"closed","ping_status":"closed","sticky":false,"template":"","format":"standard","meta":[],"categories":[4],"tags":[],"_links":{"self":[{"href":"http:\/\/www.pastisseriespomar.es\/ca\/wp-json\/wp\/v2\/posts\/5194"}],"collection":[{"href":"http:\/\/www.pastisseriespomar.es\/ca\/wp-json\/wp\/v2\/posts"}],"about":[{"href":"http:\/\/www.pastisseriespomar.es\/ca\/wp-json\/wp\/v2\/types\/post"}],"author":[{"embeddable":true,"href":"http:\/\/www.pastisseriespomar.es\/ca\/wp-json\/wp\/v2\/users\/1"}],"replies":[{"embeddable":true,"href":"http:\/\/www.pastisseriespomar.es\/ca\/wp-json\/wp\/v2\/comments?post=5194"}],"version-history":[{"count":3,"href":"http:\/\/www.pastisseriespomar.es\/ca\/wp-json\/wp\/v2\/posts\/5194\/revisions"}],"predecessor-version":[{"id":5197,"href":"http:\/\/www.pastisseriespomar.es\/ca\/wp-json\/wp\/v2\/posts\/5194\/revisions\/5197"}],"wp:featuredmedia":[{"embeddable":true,"href":"http:\/\/www.pastisseriespomar.es\/ca\/wp-json\/wp\/v2\/media\/4647"}],"wp:attachment":[{"href":"http:\/\/www.pastisseriespomar.es\/ca\/wp-json\/wp\/v2\/media?parent=5194"}],"wp:term":[{"taxonomy":"category","embeddable":true,"href":"http:\/\/www.pastisseriespomar.es\/ca\/wp-json\/wp\/v2\/categories?post=5194"},{"taxonomy":"post_tag","embeddable":true,"href":"http:\/\/www.pastisseriespomar.es\/ca\/wp-json\/wp\/v2\/tags?post=5194"}],"curies":[{"name":"wp","href":"https:\/\/api.w.org\/{rel}","templated":true}]}}