{"id":5190,"date":"2022-09-08T15:05:34","date_gmt":"2022-09-08T13:05:34","guid":{"rendered":"http:\/\/www.pastisseriespomar.es\/?p=5190"},"modified":"2022-09-08T15:23:50","modified_gmt":"2022-09-08T13:23:50","slug":"se-acaba-el-verano","status":"publish","type":"post","link":"http:\/\/www.pastisseriespomar.es\/ca\/se-acaba-el-verano\/","title":{"rendered":"Se acaba el verano"},"content":{"rendered":"<div class=\"wp-block-image\">\r\n<figure class=\"alignleft size-full\"><img loading=\"lazy\" width=\"512\" height=\"512\" class=\"wp-image-4897\" src=\"http:\/\/www.pastisseriespomar.es\/wp-content\/uploads\/2021\/05\/oie_5161028QmumGuVB.jpg\" alt=\"\" srcset=\"http:\/\/www.pastisseriespomar.es\/wp-content\/uploads\/2021\/05\/oie_5161028QmumGuVB.jpg 512w, http:\/\/www.pastisseriespomar.es\/wp-content\/uploads\/2021\/05\/oie_5161028QmumGuVB-150x150.jpg 150w, http:\/\/www.pastisseriespomar.es\/wp-content\/uploads\/2021\/05\/oie_5161028QmumGuVB-300x300.jpg 300w, http:\/\/www.pastisseriespomar.es\/wp-content\/uploads\/2021\/05\/oie_5161028QmumGuVB-12x12.jpg 12w\" sizes=\"(max-width: 512px) 100vw, 512px\" \/><\/figure><\/div>\r\n\r\n\r\n<p>Es un hecho, y aunque el calor sigue apretando, las fechas en las que estamos nos indican que ya queda menos verano.<\/p>\r\n\r\n\r\n\r\n<p>Por eso empezar\u00e1n a apeteceros otro tipo de elaboraciones que van m\u00e1s con el periodo oto\u00f1al. \u00bfA qui\u00e9n no le gusta una buena pasta de t\u00e9 elaborada de forma artesanal? D\u00e9janos que te respondamos nosotros a esta pregunta\u2026 s\u00f3lo a los que a\u00fan no las han probado.<\/p>\r\n\r\n\r\n\r\n<p>Y es que este tipo de pastas son un excelente acompa\u00f1amiento para un t\u00e9, un cortado o un caf\u00e9 con leche a media tarde, o directamente para com\u00e9rselas de una en una y hasta que se acaben!<\/p>\r\n\r\n\r\n\r\n<p>Ten en cuenta que nuestras pastas de t\u00e9 son de una calidad extra, puesto que las materias primas con las que se elaboran tambi\u00e9n lo son, y que tienes distintas variedades entre las que elegir.<\/p>\r\n\r\n\r\n\r\n<p>Un surtido nunca est\u00e1 mal, \u00a1y de pastas a\u00fan m\u00e1s!\u00a0<\/p>\r\n\r\n\r\n\r\n<p>Puedes adquirirlas en cualquiera de nuestras tiendas de Campos o Palma o en pomaronline.com.<\/p>","protected":false},"excerpt":{"rendered":"<p>Es un hecho, y aunque el calor sigue apretando, las fechas en las que estamos nos indican que ya queda menos verano. Por eso empezar\u00e1n a apeteceros otro tipo de elaboraciones que van m\u00e1s con el periodo oto\u00f1al. \u00bfA qui\u00e9n no le gusta una buena pasta de t\u00e9 elaborada de forma artesanal? D\u00e9janos que te [&hellip;]<\/p>","protected":false},"author":1,"featured_media":4897,"comment_status":"closed","ping_status":"closed","sticky":false,"template":"","format":"standard","meta":[],"categories":[4],"tags":[],"_links":{"self":[{"href":"http:\/\/www.pastisseriespomar.es\/ca\/wp-json\/wp\/v2\/posts\/5190"}],"collection":[{"href":"http:\/\/www.pastisseriespomar.es\/ca\/wp-json\/wp\/v2\/posts"}],"about":[{"href":"http:\/\/www.pastisseriespomar.es\/ca\/wp-json\/wp\/v2\/types\/post"}],"author":[{"embeddable":true,"href":"http:\/\/www.pastisseriespomar.es\/ca\/wp-json\/wp\/v2\/users\/1"}],"replies":[{"embeddable":true,"href":"http:\/\/www.pastisseriespomar.es\/ca\/wp-json\/wp\/v2\/comments?post=5190"}],"version-history":[{"count":2,"href":"http:\/\/www.pastisseriespomar.es\/ca\/wp-json\/wp\/v2\/posts\/5190\/revisions"}],"predecessor-version":[{"id":5200,"href":"http:\/\/www.pastisseriespomar.es\/ca\/wp-json\/wp\/v2\/posts\/5190\/revisions\/5200"}],"wp:featuredmedia":[{"embeddable":true,"href":"http:\/\/www.pastisseriespomar.es\/ca\/wp-json\/wp\/v2\/media\/4897"}],"wp:attachment":[{"href":"http:\/\/www.pastisseriespomar.es\/ca\/wp-json\/wp\/v2\/media?parent=5190"}],"wp:term":[{"taxonomy":"category","embeddable":true,"href":"http:\/\/www.pastisseriespomar.es\/ca\/wp-json\/wp\/v2\/categories?post=5190"},{"taxonomy":"post_tag","embeddable":true,"href":"http:\/\/www.pastisseriespomar.es\/ca\/wp-json\/wp\/v2\/tags?post=5190"}],"curies":[{"name":"wp","href":"https:\/\/api.w.org\/{rel}","templated":true}]}}