{"id":5163,"date":"2022-07-06T20:01:17","date_gmt":"2022-07-06T18:01:17","guid":{"rendered":"http:\/\/www.pastisseriespomar.es\/?p=5163"},"modified":"2022-07-06T20:01:17","modified_gmt":"2022-07-06T18:01:17","slug":"de-camino-a-la-playa","status":"publish","type":"post","link":"http:\/\/www.pastisseriespomar.es\/ca\/de-camino-a-la-playa\/","title":{"rendered":"De camino a la playa"},"content":{"rendered":"<div class=\"wp-block-image\"><figure class=\"alignleft\"><img loading=\"lazy\" width=\"512\" height=\"512\" src=\"http:\/\/www.pastisseriespomar.es\/wp-content\/uploads\/2020\/05\/oie_hVIQ4QliwZAS.png\" alt=\"\" class=\"wp-image-4602\" srcset=\"http:\/\/www.pastisseriespomar.es\/wp-content\/uploads\/2020\/05\/oie_hVIQ4QliwZAS.png 512w, http:\/\/www.pastisseriespomar.es\/wp-content\/uploads\/2020\/05\/oie_hVIQ4QliwZAS-150x150.png 150w, http:\/\/www.pastisseriespomar.es\/wp-content\/uploads\/2020\/05\/oie_hVIQ4QliwZAS-300x300.png 300w\" sizes=\"(max-width: 512px) 100vw, 512px\" \/><\/figure><\/div>\n\n\n\n<p>Ya os hemos comentado alguna vez que, de camino a las mejores playas de Mallorca, podr\u00e1s encontrar nuestras tiendas, y es que este verano cuando vayas a Es Trenc, Es carb\u00f3 o Sa R\u00e0pita (entre otras muchas) podr\u00e1s hacer una parada t\u00e9cnica para merendar o llevarte algo para comer en la playa en nuestras pasteler\u00edas de Campos.<\/p>\n\n\n\n<p>Si eres de los m\u00e1s \u201ctradicionales\u201d puedes parar en la tienda del centro, en la calle pla\u00e7a, donde todo empez\u00f3 hace 120 a\u00f1os.&nbsp;<\/p>\n\n\n\n<p>Si prefieres una parada r\u00e1pida puedes hacerlo en la tienda de la calle Jaume II, donde podr\u00e1s disfrutar de un interior climatizado y de nuestros productos de siempre.<\/p>\n\n\n\n<p>Para los que prefieren innovar, tienes a tu disposici\u00f3n la \u00faltima de nuestras tiendas, y tambi\u00e9n la m\u00e1s reciente, Pomar s\u2019Olivera situada en la plaza del mismo nombre, donde podr\u00e1s disfrutar de una gran terraza para merendar o tomarte algo a la vuelta de un d\u00eda de playa.<\/p>\n\n\n\n<p>\u00bfVienes?<\/p>","protected":false},"excerpt":{"rendered":"<p>Ya os hemos comentado alguna vez que, de camino a las mejores playas de Mallorca, podr\u00e1s encontrar nuestras tiendas, y es que este verano cuando vayas a Es Trenc, Es carb\u00f3 o Sa R\u00e0pita (entre otras muchas) podr\u00e1s hacer una parada t\u00e9cnica para merendar o llevarte algo para comer en la playa en nuestras pasteler\u00edas [&hellip;]<\/p>","protected":false},"author":1,"featured_media":4602,"comment_status":"closed","ping_status":"closed","sticky":false,"template":"","format":"standard","meta":[],"categories":[1],"tags":[],"_links":{"self":[{"href":"http:\/\/www.pastisseriespomar.es\/ca\/wp-json\/wp\/v2\/posts\/5163"}],"collection":[{"href":"http:\/\/www.pastisseriespomar.es\/ca\/wp-json\/wp\/v2\/posts"}],"about":[{"href":"http:\/\/www.pastisseriespomar.es\/ca\/wp-json\/wp\/v2\/types\/post"}],"author":[{"embeddable":true,"href":"http:\/\/www.pastisseriespomar.es\/ca\/wp-json\/wp\/v2\/users\/1"}],"replies":[{"embeddable":true,"href":"http:\/\/www.pastisseriespomar.es\/ca\/wp-json\/wp\/v2\/comments?post=5163"}],"version-history":[{"count":1,"href":"http:\/\/www.pastisseriespomar.es\/ca\/wp-json\/wp\/v2\/posts\/5163\/revisions"}],"predecessor-version":[{"id":5164,"href":"http:\/\/www.pastisseriespomar.es\/ca\/wp-json\/wp\/v2\/posts\/5163\/revisions\/5164"}],"wp:featuredmedia":[{"embeddable":true,"href":"http:\/\/www.pastisseriespomar.es\/ca\/wp-json\/wp\/v2\/media\/4602"}],"wp:attachment":[{"href":"http:\/\/www.pastisseriespomar.es\/ca\/wp-json\/wp\/v2\/media?parent=5163"}],"wp:term":[{"taxonomy":"category","embeddable":true,"href":"http:\/\/www.pastisseriespomar.es\/ca\/wp-json\/wp\/v2\/categories?post=5163"},{"taxonomy":"post_tag","embeddable":true,"href":"http:\/\/www.pastisseriespomar.es\/ca\/wp-json\/wp\/v2\/tags?post=5163"}],"curies":[{"name":"wp","href":"https:\/\/api.w.org\/{rel}","templated":true}]}}