{"id":5153,"date":"2022-06-05T23:18:07","date_gmt":"2022-06-05T21:18:07","guid":{"rendered":"http:\/\/www.pastisseriespomar.es\/?p=5153"},"modified":"2022-06-05T23:18:08","modified_gmt":"2022-06-05T21:18:08","slug":"panada-de-verano","status":"publish","type":"post","link":"http:\/\/www.pastisseriespomar.es\/ca\/panada-de-verano\/","title":{"rendered":"Panada de verano"},"content":{"rendered":"<div class=\"wp-block-image\"><figure class=\"alignright\"><img loading=\"lazy\" width=\"512\" height=\"512\" src=\"http:\/\/www.pastisseriespomar.es\/wp-content\/uploads\/2019\/11\/oie_2115352e2FjcnJX.jpg\" alt=\"\" class=\"wp-image-4304\" srcset=\"http:\/\/www.pastisseriespomar.es\/wp-content\/uploads\/2019\/11\/oie_2115352e2FjcnJX.jpg 512w, http:\/\/www.pastisseriespomar.es\/wp-content\/uploads\/2019\/11\/oie_2115352e2FjcnJX-150x150.jpg 150w, http:\/\/www.pastisseriespomar.es\/wp-content\/uploads\/2019\/11\/oie_2115352e2FjcnJX-300x300.jpg 300w\" sizes=\"(max-width: 512px) 100vw, 512px\" \/><\/figure><\/div>\n\n\n\n<p>Todos hemos notado que las temperaturas suben y que el verano est\u00e1 llegando. Nosotros tambi\u00e9n lo notamos, y como cada verano, muy pronto tendr\u00e9is disponibles en nuestras pasteler\u00edas de Campos y Palma y en pomaronline.com nuestras \u201cpanades d\u2019estiu\u201d.<\/p>\n\n\n\n<p>Ya hace a\u00f1os que os venimos ofreciendo esta variante de nuestras panades que consiste en una panada rellena de tremp\u00f3 y de at\u00fan. SIn duda una opci\u00f3n espectacular para una merienda o incluso una cena \u201ca la fresca\u201d con familia o amigos.<\/p>\n\n\n\n<p>Una opci\u00f3n fresca y diferente de comer los que pueden ser dos de tus platos preferidos, una buena panada de Can Pomar y un tremp\u00f3 con at\u00fan. Permanece atento, muy pronto las tendr\u00e1s disponibles!<\/p>","protected":false},"excerpt":{"rendered":"<p>Todos hemos notado que las temperaturas suben y que el verano est\u00e1 llegando. Nosotros tambi\u00e9n lo notamos, y como cada verano, muy pronto tendr\u00e9is disponibles en nuestras pasteler\u00edas de Campos y Palma y en pomaronline.com nuestras \u201cpanades d\u2019estiu\u201d. Ya hace a\u00f1os que os venimos ofreciendo esta variante de nuestras panades que consiste en una panada [&hellip;]<\/p>","protected":false},"author":1,"featured_media":4304,"comment_status":"closed","ping_status":"closed","sticky":false,"template":"","format":"standard","meta":[],"categories":[1],"tags":[],"_links":{"self":[{"href":"http:\/\/www.pastisseriespomar.es\/ca\/wp-json\/wp\/v2\/posts\/5153"}],"collection":[{"href":"http:\/\/www.pastisseriespomar.es\/ca\/wp-json\/wp\/v2\/posts"}],"about":[{"href":"http:\/\/www.pastisseriespomar.es\/ca\/wp-json\/wp\/v2\/types\/post"}],"author":[{"embeddable":true,"href":"http:\/\/www.pastisseriespomar.es\/ca\/wp-json\/wp\/v2\/users\/1"}],"replies":[{"embeddable":true,"href":"http:\/\/www.pastisseriespomar.es\/ca\/wp-json\/wp\/v2\/comments?post=5153"}],"version-history":[{"count":1,"href":"http:\/\/www.pastisseriespomar.es\/ca\/wp-json\/wp\/v2\/posts\/5153\/revisions"}],"predecessor-version":[{"id":5154,"href":"http:\/\/www.pastisseriespomar.es\/ca\/wp-json\/wp\/v2\/posts\/5153\/revisions\/5154"}],"wp:featuredmedia":[{"embeddable":true,"href":"http:\/\/www.pastisseriespomar.es\/ca\/wp-json\/wp\/v2\/media\/4304"}],"wp:attachment":[{"href":"http:\/\/www.pastisseriespomar.es\/ca\/wp-json\/wp\/v2\/media?parent=5153"}],"wp:term":[{"taxonomy":"category","embeddable":true,"href":"http:\/\/www.pastisseriespomar.es\/ca\/wp-json\/wp\/v2\/categories?post=5153"},{"taxonomy":"post_tag","embeddable":true,"href":"http:\/\/www.pastisseriespomar.es\/ca\/wp-json\/wp\/v2\/tags?post=5153"}],"curies":[{"name":"wp","href":"https:\/\/api.w.org\/{rel}","templated":true}]}}