{"id":5124,"date":"2022-05-03T17:17:08","date_gmt":"2022-05-03T15:17:08","guid":{"rendered":"http:\/\/www.pastisseriespomar.es\/?p=5124"},"modified":"2022-05-03T17:17:09","modified_gmt":"2022-05-03T15:17:09","slug":"la-primavera","status":"publish","type":"post","link":"http:\/\/www.pastisseriespomar.es\/ca\/la-primavera\/","title":{"rendered":"La primavera"},"content":{"rendered":"<div class=\"wp-block-image\"><figure class=\"alignleft\"><img loading=\"lazy\" width=\"512\" height=\"512\" src=\"http:\/\/www.pastisseriespomar.es\/wp-content\/uploads\/2022\/05\/oie_3171633qzwfjMSi.jpg\" alt=\"\" class=\"wp-image-5125\" srcset=\"http:\/\/www.pastisseriespomar.es\/wp-content\/uploads\/2022\/05\/oie_3171633qzwfjMSi.jpg 512w, http:\/\/www.pastisseriespomar.es\/wp-content\/uploads\/2022\/05\/oie_3171633qzwfjMSi-150x150.jpg 150w, http:\/\/www.pastisseriespomar.es\/wp-content\/uploads\/2022\/05\/oie_3171633qzwfjMSi-300x300.jpg 300w, http:\/\/www.pastisseriespomar.es\/wp-content\/uploads\/2022\/05\/oie_3171633qzwfjMSi-12x12.jpg 12w\" sizes=\"(max-width: 512px) 100vw, 512px\" \/><\/figure><\/div>\n\n\n\n<p>Si algo tiene la primavera, adem\u00e1s de que mejora el tiempo, suben las temperaturas y ya apetece m\u00e1s salir, es su fruta de temporada.<\/p>\n\n\n\n<p>Y si hablamos de fruta de temporada, una de las tartas que m\u00e1s nos gustan es, precisamente, la tarta primavera.<\/p>\n\n\n\n<p>Una base de hojaldre cubierta de manzana, pi\u00f1a natural, kiwi, fresas, frutos rojos\u2026 una maravilla que se come a cualquier hora (puedes desayunar o merendar tranquilamente un trozo), y que gusta a todos.<\/p>\n\n\n\n<p>Es un maravilloso final para cualquier celebraci\u00f3n y, aunque es un postre sencillo, enamorar\u00e1 al que lo pruebe, te lo aseguramos.<\/p>\n\n\n\n<p>Enc\u00e1rgala en nuestras pasteler\u00edas de Palma y Campos o en pomaronline.com<\/p>","protected":false},"excerpt":{"rendered":"<p>Si algo tiene la primavera, adem\u00e1s de que mejora el tiempo, suben las temperaturas y ya apetece m\u00e1s salir, es su fruta de temporada. Y si hablamos de fruta de temporada, una de las tartas que m\u00e1s nos gustan es, precisamente, la tarta primavera. Una base de hojaldre cubierta de manzana, pi\u00f1a natural, kiwi, fresas, [&hellip;]<\/p>","protected":false},"author":1,"featured_media":5125,"comment_status":"closed","ping_status":"closed","sticky":false,"template":"","format":"standard","meta":[],"categories":[1],"tags":[],"_links":{"self":[{"href":"http:\/\/www.pastisseriespomar.es\/ca\/wp-json\/wp\/v2\/posts\/5124"}],"collection":[{"href":"http:\/\/www.pastisseriespomar.es\/ca\/wp-json\/wp\/v2\/posts"}],"about":[{"href":"http:\/\/www.pastisseriespomar.es\/ca\/wp-json\/wp\/v2\/types\/post"}],"author":[{"embeddable":true,"href":"http:\/\/www.pastisseriespomar.es\/ca\/wp-json\/wp\/v2\/users\/1"}],"replies":[{"embeddable":true,"href":"http:\/\/www.pastisseriespomar.es\/ca\/wp-json\/wp\/v2\/comments?post=5124"}],"version-history":[{"count":1,"href":"http:\/\/www.pastisseriespomar.es\/ca\/wp-json\/wp\/v2\/posts\/5124\/revisions"}],"predecessor-version":[{"id":5126,"href":"http:\/\/www.pastisseriespomar.es\/ca\/wp-json\/wp\/v2\/posts\/5124\/revisions\/5126"}],"wp:featuredmedia":[{"embeddable":true,"href":"http:\/\/www.pastisseriespomar.es\/ca\/wp-json\/wp\/v2\/media\/5125"}],"wp:attachment":[{"href":"http:\/\/www.pastisseriespomar.es\/ca\/wp-json\/wp\/v2\/media?parent=5124"}],"wp:term":[{"taxonomy":"category","embeddable":true,"href":"http:\/\/www.pastisseriespomar.es\/ca\/wp-json\/wp\/v2\/categories?post=5124"},{"taxonomy":"post_tag","embeddable":true,"href":"http:\/\/www.pastisseriespomar.es\/ca\/wp-json\/wp\/v2\/tags?post=5124"}],"curies":[{"name":"wp","href":"https:\/\/api.w.org\/{rel}","templated":true}]}}