{"id":4350,"date":"2019-12-03T12:12:26","date_gmt":"2019-12-03T11:12:26","guid":{"rendered":"http:\/\/www.pastisseriespomar.es\/?p=4350"},"modified":"2019-12-03T12:12:27","modified_gmt":"2019-12-03T11:12:27","slug":"tarta-reina","status":"publish","type":"post","link":"http:\/\/www.pastisseriespomar.es\/ca\/tarta-reina\/","title":{"rendered":"Tarta reina"},"content":{"rendered":"<div class=\"wp-block-image\"><figure class=\"alignleft\"><img loading=\"lazy\" width=\"512\" height=\"512\" src=\"http:\/\/www.pastisseriespomar.es\/wp-content\/uploads\/2019\/12\/oie_31211459gxYiJDb.jpg\" alt=\"\" class=\"wp-image-4351\" srcset=\"http:\/\/www.pastisseriespomar.es\/wp-content\/uploads\/2019\/12\/oie_31211459gxYiJDb.jpg 512w, http:\/\/www.pastisseriespomar.es\/wp-content\/uploads\/2019\/12\/oie_31211459gxYiJDb-150x150.jpg 150w, http:\/\/www.pastisseriespomar.es\/wp-content\/uploads\/2019\/12\/oie_31211459gxYiJDb-300x300.jpg 300w\" sizes=\"(max-width: 512px) 100vw, 512px\" \/><\/figure><\/div>\n\n\n\n<p>Tres a\u00f1itos, esos son los que cumpli\u00f3 nuestro \u201cpeque\u00f1o cliente\u201d que pudo disfrutar y compartir con sus invitados la tarta Reina que pod\u00e9is ver en la imagen.<\/p>\n\n\n\n<p>Y para que nadie le preguntar\u00e1 cu\u00e1ntos a\u00f1os cumpl\u00eda, sus papis decidieron dejarlo claro con la forma de la tarta, as\u00ed no hay dudas (pensaron).<\/p>\n\n\n\n<p>Como siempre, estuvimos encantados de atender el encargo que nos hicieron, y nos pusimos manos a la obra para que el d\u00eda de la fiesta pudieran disfrutar de una de las tartas m\u00e1s cl\u00e1sicas.<\/p>\n\n\n\n<p>Si quieres celebrar tu cumplea\u00f1os o incluso regalar una tarta, no lo dudes, ven a visitarnos a nuestras pasteler\u00edas de Campos o Palma y haremos realidad tus peticiones\u2026 prometido! <\/p>","protected":false},"excerpt":{"rendered":"<p>Tres a\u00f1itos, esos son los que cumpli\u00f3 nuestro \u201cpeque\u00f1o cliente\u201d que pudo disfrutar y compartir con sus invitados la tarta Reina que pod\u00e9is ver en la imagen. Y para que nadie le preguntar\u00e1 cu\u00e1ntos a\u00f1os cumpl\u00eda, sus papis decidieron dejarlo claro con la forma de la tarta, as\u00ed no hay dudas (pensaron). Como siempre, estuvimos [&hellip;]<\/p>","protected":false},"author":1,"featured_media":4351,"comment_status":"closed","ping_status":"closed","sticky":false,"template":"","format":"standard","meta":[],"categories":[1],"tags":[],"_links":{"self":[{"href":"http:\/\/www.pastisseriespomar.es\/ca\/wp-json\/wp\/v2\/posts\/4350"}],"collection":[{"href":"http:\/\/www.pastisseriespomar.es\/ca\/wp-json\/wp\/v2\/posts"}],"about":[{"href":"http:\/\/www.pastisseriespomar.es\/ca\/wp-json\/wp\/v2\/types\/post"}],"author":[{"embeddable":true,"href":"http:\/\/www.pastisseriespomar.es\/ca\/wp-json\/wp\/v2\/users\/1"}],"replies":[{"embeddable":true,"href":"http:\/\/www.pastisseriespomar.es\/ca\/wp-json\/wp\/v2\/comments?post=4350"}],"version-history":[{"count":1,"href":"http:\/\/www.pastisseriespomar.es\/ca\/wp-json\/wp\/v2\/posts\/4350\/revisions"}],"predecessor-version":[{"id":4352,"href":"http:\/\/www.pastisseriespomar.es\/ca\/wp-json\/wp\/v2\/posts\/4350\/revisions\/4352"}],"wp:featuredmedia":[{"embeddable":true,"href":"http:\/\/www.pastisseriespomar.es\/ca\/wp-json\/wp\/v2\/media\/4351"}],"wp:attachment":[{"href":"http:\/\/www.pastisseriespomar.es\/ca\/wp-json\/wp\/v2\/media?parent=4350"}],"wp:term":[{"taxonomy":"category","embeddable":true,"href":"http:\/\/www.pastisseriespomar.es\/ca\/wp-json\/wp\/v2\/categories?post=4350"},{"taxonomy":"post_tag","embeddable":true,"href":"http:\/\/www.pastisseriespomar.es\/ca\/wp-json\/wp\/v2\/tags?post=4350"}],"curies":[{"name":"wp","href":"https:\/\/api.w.org\/{rel}","templated":true}]}}