{"id":4339,"date":"2019-11-26T16:15:10","date_gmt":"2019-11-26T15:15:10","guid":{"rendered":"http:\/\/www.pastisseriespomar.es\/?p=4339"},"modified":"2019-11-26T16:15:11","modified_gmt":"2019-11-26T15:15:11","slug":"el-mazapan","status":"publish","type":"post","link":"http:\/\/www.pastisseriespomar.es\/ca\/el-mazapan\/","title":{"rendered":"El massap\u00e0"},"content":{"rendered":"<div class=\"wp-block-image\"><figure class=\"alignleft\"><img loading=\"lazy\" width=\"512\" height=\"512\" src=\"http:\/\/www.pastisseriespomar.es\/wp-content\/uploads\/2019\/11\/oie_26161343p5UQGZf0.jpg\" alt=\"\" class=\"wp-image-4340\" srcset=\"http:\/\/www.pastisseriespomar.es\/wp-content\/uploads\/2019\/11\/oie_26161343p5UQGZf0.jpg 512w, http:\/\/www.pastisseriespomar.es\/wp-content\/uploads\/2019\/11\/oie_26161343p5UQGZf0-150x150.jpg 150w, http:\/\/www.pastisseriespomar.es\/wp-content\/uploads\/2019\/11\/oie_26161343p5UQGZf0-300x300.jpg 300w\" sizes=\"(max-width: 512px) 100vw, 512px\" \/><\/figure><\/div>\n\n\n\n<p>Vos coment\u00e0vem, fa un parell de dies, que Nadal s\u2019acosta, i ja \u00e9s gaireb\u00e9 inevitable que qualsevol mostrador no ens hi faci pensar. Com podeu suposar, els nostres mostradors de Campos i de Palma tamb\u00e9 estan a punt per l\u2019ocasi\u00f3.<\/p>\n\n\n\n<p>Ja podeu trobar, als nostres establiments, un massap\u00e0 magn\u00edfic, fet de forma tradicional, que \u00e9s com ens agrada fer les coses.<\/p>\n\n\n\n<p>L\u2019origen d\u2019aquest producte, que tant s\u2019associa amb les festes nadalenques, \u00e9s discutit, per\u00f2 les versions m\u00e9s versemblants el situen a Toledo al segle XII... ha plogut molt!<\/p>\n\n\n\n<p>\u00c9s una menja altament cal\u00f2rica, ja que els seus principals ingredients s\u00f3n el sucre i l\u2019ametla... per\u00f2 per Nadal ens podem permetre qualque llepolia i ser m\u00e9s laxes en la dieta... Ja arribar\u00e0 l\u2019any nou per fer el prop\u00f2sit d\u2019apuntar-nos al gimn\u00e0s!<\/p>\n\n\n\n<p>A les nostres botigues o a pomaronline.com hi podreu trobar aquesta del\u00edcia en la seva versi\u00f3 cl\u00e0ssica, i tamb\u00e9 amb fruita confitada, fruita confitada i nous o fruita confitada i pinyons. I tot, com sempre, elaborat amb productes de primer\u00edssima qualitat, aix\u00ed com ens agrada!&nbsp;<\/p>","protected":false},"excerpt":{"rendered":"<p>Os coment\u00e1bamos hace unos d\u00edas que la Navidad se aproximaba, y ya es inevitable que cualquier escaparate de Palma no te haga pensar en esos d\u00edas tan se\u00f1alados, y nuestros escaparates de nuestras pasteler\u00edas en Campos y Palma no iban a ser menos. Ya puedes encontrar en nuestros establecimientos un magn\u00edfico mazap\u00e1n hecho de forma [&hellip;]<\/p>","protected":false},"author":1,"featured_media":4341,"comment_status":"closed","ping_status":"closed","sticky":false,"template":"","format":"standard","meta":[],"categories":[1],"tags":[],"_links":{"self":[{"href":"http:\/\/www.pastisseriespomar.es\/ca\/wp-json\/wp\/v2\/posts\/4339"}],"collection":[{"href":"http:\/\/www.pastisseriespomar.es\/ca\/wp-json\/wp\/v2\/posts"}],"about":[{"href":"http:\/\/www.pastisseriespomar.es\/ca\/wp-json\/wp\/v2\/types\/post"}],"author":[{"embeddable":true,"href":"http:\/\/www.pastisseriespomar.es\/ca\/wp-json\/wp\/v2\/users\/1"}],"replies":[{"embeddable":true,"href":"http:\/\/www.pastisseriespomar.es\/ca\/wp-json\/wp\/v2\/comments?post=4339"}],"version-history":[{"count":1,"href":"http:\/\/www.pastisseriespomar.es\/ca\/wp-json\/wp\/v2\/posts\/4339\/revisions"}],"predecessor-version":[{"id":4342,"href":"http:\/\/www.pastisseriespomar.es\/ca\/wp-json\/wp\/v2\/posts\/4339\/revisions\/4342"}],"wp:featuredmedia":[{"embeddable":true,"href":"http:\/\/www.pastisseriespomar.es\/ca\/wp-json\/wp\/v2\/media\/4341"}],"wp:attachment":[{"href":"http:\/\/www.pastisseriespomar.es\/ca\/wp-json\/wp\/v2\/media?parent=4339"}],"wp:term":[{"taxonomy":"category","embeddable":true,"href":"http:\/\/www.pastisseriespomar.es\/ca\/wp-json\/wp\/v2\/categories?post=4339"},{"taxonomy":"post_tag","embeddable":true,"href":"http:\/\/www.pastisseriespomar.es\/ca\/wp-json\/wp\/v2\/tags?post=4339"}],"curies":[{"name":"wp","href":"https:\/\/api.w.org\/{rel}","templated":true}]}}