{"id":1,"date":"2019-08-23T14:22:27","date_gmt":"2019-08-23T12:22:27","guid":{"rendered":"http:\/\/www.pastisseriespomar.es\/?p=1"},"modified":"2019-09-07T12:07:09","modified_gmt":"2019-09-07T10:07:09","slug":"pastelerias-palma-de-mallorca-y-campos","status":"publish","type":"post","link":"http:\/\/www.pastisseriespomar.es\/ca\/pastelerias-palma-de-mallorca-y-campos\/","title":{"rendered":"Un past\u00eds per a 150"},"content":{"rendered":"<div class=\"wp-block-image\"><figure class=\"alignleft is-resized\"><img loading=\"lazy\" src=\"http:\/\/www.pastisseriespomar.es\/wp-content\/uploads\/2019\/08\/WhatsApp-Image-2019-08-24-at-11.54.58-1024x1024.jpeg\" alt=\"\" class=\"wp-image-4108\" width=\"512\" height=\"512\" srcset=\"http:\/\/www.pastisseriespomar.es\/wp-content\/uploads\/2019\/08\/WhatsApp-Image-2019-08-24-at-11.54.58-1024x1024.jpeg 1024w, http:\/\/www.pastisseriespomar.es\/wp-content\/uploads\/2019\/08\/WhatsApp-Image-2019-08-24-at-11.54.58-150x150.jpeg 150w, http:\/\/www.pastisseriespomar.es\/wp-content\/uploads\/2019\/08\/WhatsApp-Image-2019-08-24-at-11.54.58-300x300.jpeg 300w, http:\/\/www.pastisseriespomar.es\/wp-content\/uploads\/2019\/08\/WhatsApp-Image-2019-08-24-at-11.54.58-768x768.jpeg 768w, http:\/\/www.pastisseriespomar.es\/wp-content\/uploads\/2019\/08\/WhatsApp-Image-2019-08-24-at-11.54.58.jpeg 1512w\" sizes=\"(max-width: 512px) 100vw, 512px\" \/><\/figure><\/div>\n\n\n\n<p>Arriba el vostre aniversari i voleu organitzar una festa especial. Inevitablement, pensau en un past\u00eds espectacular\u2026 No vos sentiu culpables, \u00e9s ben normal! L'\u00fanic problema \u00e9s com fer un past\u00eds per a 150 amics\u2026<\/p>\n\n\n\n<p>No passeu gens de pena, tenim una bona not\u00edcia: nosaltres ens en cuidam! \u00c9s mal de creure? Mirau la foto. Un past\u00eds de fruita de 21 kilos. Nom\u00e9s per tallar la fruita que duu v\u00e0rem estar 9 hores, per\u00f2 vos asseguram que va ser una del\u00edcia! <\/p>\n\n\n\n<p>Si creus que alguna cosa relacionada amb la pastisseria ser\u00e0 impossible de realitzar, consulta'ns a qualsevol de les nostres pastisseries a Mallorca (Campos i Palma) i veurem si podem ajudar-te. Ens agraden els reptes!<\/p>\n\n\n\n<p>A m\u00e9s, garantim que sempre, per grossos que siguin els pastissos, seran bon\u00edssims\u2026 Tal com diuen alguns dels nostres clients, a Can Pomar no hi ha l\u00edmits!<\/p>","protected":false},"excerpt":{"rendered":"<p>Llega tu cumplea\u00f1os y quieres organizar algo especial, y enseguida piensas en una tarta espectacular. No te culpes, es lo m\u00e1s normal del mundo, el \u00fanico problema es que organizar una fiesta para 150 amigos debe ser tan complicado como hacer una tarta para esos 150 amigos! Tenemos una buena noticia, de la tarta para [&hellip;]<\/p>","protected":false},"author":1,"featured_media":4115,"comment_status":"closed","ping_status":"closed","sticky":false,"template":"","format":"standard","meta":[],"categories":[1],"tags":[],"_links":{"self":[{"href":"http:\/\/www.pastisseriespomar.es\/ca\/wp-json\/wp\/v2\/posts\/1"}],"collection":[{"href":"http:\/\/www.pastisseriespomar.es\/ca\/wp-json\/wp\/v2\/posts"}],"about":[{"href":"http:\/\/www.pastisseriespomar.es\/ca\/wp-json\/wp\/v2\/types\/post"}],"author":[{"embeddable":true,"href":"http:\/\/www.pastisseriespomar.es\/ca\/wp-json\/wp\/v2\/users\/1"}],"replies":[{"embeddable":true,"href":"http:\/\/www.pastisseriespomar.es\/ca\/wp-json\/wp\/v2\/comments?post=1"}],"version-history":[{"count":6,"href":"http:\/\/www.pastisseriespomar.es\/ca\/wp-json\/wp\/v2\/posts\/1\/revisions"}],"predecessor-version":[{"id":4196,"href":"http:\/\/www.pastisseriespomar.es\/ca\/wp-json\/wp\/v2\/posts\/1\/revisions\/4196"}],"wp:featuredmedia":[{"embeddable":true,"href":"http:\/\/www.pastisseriespomar.es\/ca\/wp-json\/wp\/v2\/media\/4115"}],"wp:attachment":[{"href":"http:\/\/www.pastisseriespomar.es\/ca\/wp-json\/wp\/v2\/media?parent=1"}],"wp:term":[{"taxonomy":"category","embeddable":true,"href":"http:\/\/www.pastisseriespomar.es\/ca\/wp-json\/wp\/v2\/categories?post=1"},{"taxonomy":"post_tag","embeddable":true,"href":"http:\/\/www.pastisseriespomar.es\/ca\/wp-json\/wp\/v2\/tags?post=1"}],"curies":[{"name":"wp","href":"https:\/\/api.w.org\/{rel}","templated":true}]}}